[{"@context":"https:\/\/schema.org\/","@type":"Article","@id":"https:\/\/www.aloes.cz\/jde-bydlet-i-levneji\/#Article","mainEntityOfPage":"https:\/\/www.aloes.cz\/jde-bydlet-i-levneji\/","headline":"Jde bydlet i levn\u011bji?","name":"Jde bydlet i levn\u011bji?","description":"Nen\u00ed v\u016fbec s podivem, \u017ee valn\u00e1 \u010d\u00e1st \u010cech\u016f nem\u00e1 z\u00e1jem o bydlen\u00ed v podn\u00e1jmu, ale preferuje rad\u011bji vlastn\u00ed byt, \u010di je\u0161t\u011b l\u00e9pe rodinn\u00fd domek. Probl\u00e9m spo\u010d\u00edv\u00e1 v tom, \u017ee ne ka\u017ed\u00fd na to m\u00e1. P\u0159esn\u011bji \u0159e\u010deno, dnes u\u017e na to nem\u00e1 valn\u00e1 \u010d\u00e1st republiky, jeliko\u017e nedostatek byt\u016f a obecn\u011b obytn\u00fdch nemovitost\u00ed zap\u0159\u00ed\u010dinil krizi, kv\u016fli n\u00ed\u017e [&hellip;]","datePublished":"2022-06-30","dateModified":"2022-06-30","author":{"@type":"Person","@id":"https:\/\/www.aloes.cz\/author\/devene\/#Person","name":"devene","url":"https:\/\/www.aloes.cz\/author\/devene\/","identifier":1,"image":{"@type":"ImageObject","@id":"https:\/\/secure.gravatar.com\/avatar\/7c144e1de0ecc43e7a8353c804f0c7ea63c9554336576e7048c4bdeaa59bbbbb?s=96&d=mm&r=g","url":"https:\/\/secure.gravatar.com\/avatar\/7c144e1de0ecc43e7a8353c804f0c7ea63c9554336576e7048c4bdeaa59bbbbb?s=96&d=mm&r=g","height":96,"width":96}},"publisher":{"@type":"Organization","name":"aloes.cz","logo":{"@type":"ImageObject","@id":"\/logo.png","url":"\/logo.png","width":600,"height":60}},"image":{"@type":"ImageObject","@id":"https:\/\/www.aloes.cz\/wp-content\/uploads\/Den%20otev%C5%99en%C3%BDch%20dve%C5%99%C3%AD_1.jpg","url":"https:\/\/www.aloes.cz\/wp-content\/uploads\/Den%20otev%C5%99en%C3%BDch%20dve%C5%99%C3%AD_1.jpg","height":0,"width":0},"url":"https:\/\/www.aloes.cz\/jde-bydlet-i-levneji\/","about":["Byt a d\u016fm"],"wordCount":412,"articleBody":"Nen\u00ed v\u016fbec s podivem, \u017ee valn\u00e1 \u010d\u00e1st \u010cech\u016f nem\u00e1 z\u00e1jem o bydlen\u00ed v podn\u00e1jmu, ale preferuje rad\u011bji vlastn\u00ed byt, \u010di je\u0161t\u011b l\u00e9pe rodinn\u00fd domek. Probl\u00e9m spo\u010d\u00edv\u00e1 v tom, \u017ee ne ka\u017ed\u00fd na to m\u00e1. P\u0159esn\u011bji \u0159e\u010deno, dnes u\u017e na to nem\u00e1 valn\u00e1 \u010d\u00e1st republiky, jeliko\u017e nedostatek byt\u016f a obecn\u011b obytn\u00fdch nemovitost\u00ed zap\u0159\u00ed\u010dinil krizi, kv\u016fli n\u00ed\u017e nen\u00ed v\u00edcem\u00e9n\u011b mo\u017en\u00e9 alespo\u0148 mali\u010dkou garsonku za m\u00e9n\u011b ne\u017e milion korun. Samoz\u0159ejm\u011b, \u017ee ve v\u011bt\u0161\u00edch m\u011bstech je situace mnohem hor\u0161\u00ed ne\u017e v mal\u00fdch obc\u00edch, av\u0161ak ani tam se ned\u00e1 sehnat nic kloudn\u00e9ho, alespo\u0148 ne za rozumn\u00e9 pen\u00edze.Je tud\u00ed\u017e nezbytn\u00e9 improvizovat. Leckdo to riskl t\u0159eba s houseboatem, av\u0161ak bydlen\u00ed na vod\u011b nen\u00ed pro slab\u00e9 \u017ealudky. O n\u011bco p\u0159ijateln\u011bj\u0161\u00ed alternativou, alespo\u0148 tedy pro b\u011b\u017en\u00e9ho suchozemce, je mobilheim. Jedn\u00e1 se o sice prostorov\u011b skromn\u011bj\u0161\u00ed, http:\/\/www.ostravan.cz\/36477\/noc-divadel-byla-v-ostrave-skromnejsi-nez-drive-presto-prisly-stovky-lidi\/  av\u0161ak st\u00e1le velmi dobr\u00e9 bydlen\u00ed.V\u00edce ne\u017e p\u0159ijateln\u00e1 mo\u017enostHodn\u011b lid\u00ed se st\u00e1le na mobiln\u00ed domy d\u00edv\u00e1 skrze prsty, av\u0161ak nen\u00ed k tomu \u017e\u00e1dn\u00fd d\u016fvod. Samoz\u0159ejm\u011b, nejsou nejv\u011bt\u0161\u00ed a v\u011bt\u0161\u00ed rodiny se prost\u011b do takov\u00e9hoto obydl\u00ed nemaj\u00ed \u0161anci pohodln\u011b vej\u00edt, av\u0161ak pro p\u00e1ry s jedn\u00edm d\u00edt\u011btem se m\u016f\u017ee jednat o spln\u011bn\u00fd sen, nutno dodat, \u017ee cenov\u011b dostupn\u00fd sen. Mobiln\u00ed domy toti\u017e nejsou v\u016fbec drah\u00e9, a to ani ty, kter\u00e9 poch\u00e1zej\u00ed z posledn\u00edch dvou generac\u00ed. Tak\u00e9 jsou velmi dob\u0159e za\u0159\u00edzen\u00e9. N\u00e1bytek i dal\u0161\u00ed vybaven\u00ed je na skute\u010dn\u011b vysok\u00e9 \u00farovni. Je\u0161t\u011b l\u00e9pe na tom je zateplen\u00ed cel\u00e9ho objektu. D\u00edky tomu je mo\u017en\u00e9 i b\u011bhem studen\u00fdch zimn\u00edch m\u011bs\u00edc\u016f topit jen velmi omezen\u011b.Hodn\u011b lid\u00ed m\u00e1 probl\u00e9my p\u0159i kupov\u00e1n\u00ed nemovitosti probl\u00e9my s b\u011bh\u00e1n\u00edm po \u00fa\u0159adech, co\u017e je u n\u00e1s tak trochu klasika. V p\u0159\u00edpad\u011b mobiln\u00edch dom\u016f tomu tak \u00fapln\u011b nen\u00ed, jeliko\u017e se dle pr\u00e1va nejedn\u00e1 o plnohodnotn\u00e1 obydl\u00ed. D\u016fvodem je absence z\u00e1klad\u016f. Proto i administrativa s koup\u00ed tohoto druhu bydlen\u00ed je zna\u010dn\u011b ni\u017e\u0161\u00ed. I to m\u016f\u017ee b\u00fdt jeden z d\u016fvod\u016f, pro\u010d d\u00e1t p\u0159ednost pohybliv\u00e9mu obydl\u00ed. Za ty pen\u00edze nic lep\u0161\u00edho sehnat v\u00edcem\u00e9n\u011b nejde.                                                                                                                                                                                                                                                                                                                                                                                         5\/5 - (1 vote)        "},{"@context":"https:\/\/schema.org\/","@type":"BreadcrumbList","itemListElement":[{"@type":"ListItem","position":1,"name":"Jde bydlet i levn\u011bji?","item":"https:\/\/www.aloes.cz\/jde-bydlet-i-levneji\/#breadcrumbitem"}]}]