[{"@context":"https:\/\/schema.org\/","@type":"Article","@id":"https:\/\/www.aloes.cz\/cas-bychom-meli-vazit-zlatem\/#Article","mainEntityOfPage":"https:\/\/www.aloes.cz\/cas-bychom-meli-vazit-zlatem\/","headline":"\u010cas bychom m\u011bli v\u00e1\u017eit zlatem","name":"\u010cas bychom m\u011bli v\u00e1\u017eit zlatem","description":"Jedna z t\u011bch nejcenn\u011bj\u0161\u00edch v\u011bc\u00ed, kter\u00e9 v \u017eivot\u011b m\u00e1me je \u010das. \u010cas na to, abychom si sv\u016fj \u017eivot po\u0159\u00e1dn\u011b u\u017eili, ne\u017e n\u00e1m prote\u010de mezi prsty a bude pry\u010d. A a\u0165 u\u017e n\u011bkdo v\u0161ude kudy chod\u00ed, prohla\u0161uje, \u017ee je po\u0159\u00e1d zanepr\u00e1zdn\u011bn\u00fd a ve stresu a \u017ee m\u00e1 \u010dasu m\u00e1lo, a jin\u00fd t\u0159eba jen dlouh\u00e9 hodiny sed\u00ed [&hellip;]","datePublished":"2017-12-16","dateModified":"2017-12-16","author":{"@type":"Person","@id":"https:\/\/www.aloes.cz\/author\/devene\/#Person","name":"devene","url":"https:\/\/www.aloes.cz\/author\/devene\/","identifier":1,"image":{"@type":"ImageObject","@id":"https:\/\/secure.gravatar.com\/avatar\/7c144e1de0ecc43e7a8353c804f0c7ea63c9554336576e7048c4bdeaa59bbbbb?s=96&d=mm&r=g","url":"https:\/\/secure.gravatar.com\/avatar\/7c144e1de0ecc43e7a8353c804f0c7ea63c9554336576e7048c4bdeaa59bbbbb?s=96&d=mm&r=g","height":96,"width":96}},"publisher":{"@type":"Organization","name":"aloes.cz","logo":{"@type":"ImageObject","@id":"\/logo.png","url":"\/logo.png","width":600,"height":60}},"image":{"@type":"ImageObject","@id":"https:\/\/www.aloes.cz\/wp-content\/uploads\/img_a305373_w2077_t1516953712.png","url":"https:\/\/www.aloes.cz\/wp-content\/uploads\/img_a305373_w2077_t1516953712.png","height":0,"width":0},"url":"https:\/\/www.aloes.cz\/cas-bychom-meli-vazit-zlatem\/","about":["V\u00fdrobky"],"wordCount":457,"articleBody":"Jedna z t\u011bch nejcenn\u011bj\u0161\u00edch v\u011bc\u00ed, kter\u00e9 v \u017eivot\u011b m\u00e1me je \u010das. \u010cas na to, abychom si sv\u016fj \u017eivot po\u0159\u00e1dn\u011b u\u017eili, ne\u017e n\u00e1m prote\u010de mezi prsty a bude pry\u010d. A a\u0165 u\u017e n\u011bkdo v\u0161ude kudy chod\u00ed, prohla\u0161uje, \u017ee je po\u0159\u00e1d zanepr\u00e1zdn\u011bn\u00fd a ve stresu a \u017ee m\u00e1 \u010dasu m\u00e1lo, a jin\u00fd t\u0159eba jen dlouh\u00e9 hodiny sed\u00ed p\u0159ed televiz\u00ed s nohama na stole, tak skute\u010dnost je takov\u00e1, \u017ee \u010dasu m\u00e1me v\u0161ichni v\u00edcem\u00e9n\u011b stejn\u011b a rozd\u00edl je jen v tom, jak s n\u00edm nalo\u017e\u00edme. V\u017edy\u0165 den ka\u017ed\u00e9ho z n\u00e1s m\u00e1 cel\u00fdch dvacet \u010dty\u0159i hodin, a a\u0165 u\u017e to n\u011bkomu m\u016f\u017ee p\u0159ipadat m\u00e1lo a n\u011bkomu jin\u00e9mu naopak hodn\u011b, tak v\u0161ichni m\u00e1me stejn\u011b \u010dasu k tomu, abychom s n\u00edm nalo\u017eili podle sv\u00fdch p\u0159edstav.   V\u011bnujme se jen tomu, \u010demu chceme Proto se vyplat\u00ed dob\u0159e uv\u00e1\u017eit, \u010demu sv\u016fj \u010das v\u011bnujeme. A pokud pat\u0159\u00edme k velice zanepr\u00e1zdn\u011bn\u00fdm lidem anebo prost\u011b jen k t\u011bm, kte\u0159\u00ed neradi mrhaj\u00ed sv\u00fdm \u010dasem na \u010dinnosti, kter\u00e9 je ni\u010d\u00edm neobohacuj\u00ed, jist\u011b r\u00e1di vyu\u017eijeme ka\u017ed\u00e9 p\u0159\u00edle\u017eitosti k tomu, abychom mohli to, co n\u00e1s nebav\u00ed p\u0159enechat jin\u00fdm, a abychom se m\u00edsto toho mohli v\u011bnovat \u010dinnostem, kter\u00fdm se v\u011bnovat chceme. A to m\u016f\u017ee b\u00fdt jednodu\u0161\u0161\u00ed, ne\u017e se na prvn\u00ed pohled zd\u00e1. T\u0159eba v p\u0159\u00edpad\u011b, kdy se chceme p\u0159est\u011bhovat.  Nechme \u010dinnosti, kter\u00e9 n\u00e1s nebav\u00ed jin\u00fdm Ano, zm\u011bna adresy pat\u0159\u00ed k \u017eivotn\u00edm ud\u00e1lostem, kter\u00fdch se mnoho lid\u00ed ob\u00e1v\u00e1 pr\u00e1v\u011b proto, \u017ee jim p\u0159in\u00e1\u0161ej\u00ed spoustu starost\u00ed, a tedy i spoustu stresu, zda v\u0161e zvl\u00e1dnou tak, jak by cht\u011bli. Ov\u0161em jen m\u00e1lokdo v\u00ed, \u017ee i st\u011bhov\u00e1n\u00ed m\u016f\u017ee prob\u00edhat tak, \u017ee si jej prakticky ani nev\u0161imneme anebo l\u00e9pe nebudeme p\u0159i n\u011bm muset hnou jedin\u00fdm prstem, a p\u0159esto bude v\u00fdsledek takov\u00fd, jak\u00fd jsme si p\u0159\u00e1li. Toti\u017e to jedin\u00e9, co k tomu mus\u00edme ud\u011blat je vybrat si tu spr\u00e1vnou firmu na st\u011bhov\u00e1n\u00ed Praha a objednat si u n\u00ed st\u011bhov\u00e1n\u00ed na kl\u00ed\u010d, kter\u00e9 m\u016f\u017ee prob\u00edhat t\u0159eba zrovna v dob\u011b, kdy budeme na dovolen\u00e9, a tak si ni\u010deho nev\u0161imneme. Tedy s v\u00fdjimkou toho, \u017ee se po dovolen\u00e9 vr\u00e1t\u00edme do nov\u00e9ho, pln\u011b vybaven\u00e9ho bytu, kter\u00fd bude odpov\u00eddat na\u0161im p\u0159edstav\u00e1m.                                                                                                                                                                                                                                                                                                                                                                                        5\/5 - (3 votes)        "},{"@context":"https:\/\/schema.org\/","@type":"BreadcrumbList","itemListElement":[{"@type":"ListItem","position":1,"name":"\u010cas bychom m\u011bli v\u00e1\u017eit zlatem","item":"https:\/\/www.aloes.cz\/cas-bychom-meli-vazit-zlatem\/#breadcrumbitem"}]}]