[{"@context":"https:\/\/schema.org\/","@type":"Article","@id":"https:\/\/www.aloes.cz\/bydlet-se-da-i-levneji\/#Article","mainEntityOfPage":"https:\/\/www.aloes.cz\/bydlet-se-da-i-levneji\/","headline":"Bydlet se d\u00e1 i levn\u011bji","name":"Bydlet se d\u00e1 i levn\u011bji","description":"Naj\u00edt si levn\u00fd byt je dnes v\u00edcem\u00e9n\u011b nemo\u017en\u00e9, jeliko\u017e obytn\u00e9 nemovitosti za posledn\u00edch n\u011bkolik let podra\u017eily \u010dasto i dvojn\u00e1sobn\u011b. Nejedn\u00e1 se vak o problematiku, kterou mus\u00ed \u0159e\u0161it pouze lid\u00e9 s ni\u017e\u0161\u00edmi p\u0159\u00edjmy. Toto se dot\u00fdk\u00e1 i st\u0159edn\u00ed a vy\u0161\u0161\u00ed st\u0159edn\u00ed t\u0159\u00eddy. Byty byly v\u017edy drah\u00e9 hlavn\u011b v exponovan\u00fdch lokalit\u00e1ch typu Praha nebo Brno, nicm\u00e9n\u011b v [&hellip;]","datePublished":"2022-10-09","dateModified":"2022-10-09","author":{"@type":"Person","@id":"https:\/\/www.aloes.cz\/author\/devene\/#Person","name":"devene","url":"https:\/\/www.aloes.cz\/author\/devene\/","identifier":1,"image":{"@type":"ImageObject","@id":"https:\/\/secure.gravatar.com\/avatar\/7c144e1de0ecc43e7a8353c804f0c7ea63c9554336576e7048c4bdeaa59bbbbb?s=96&d=mm&r=g","url":"https:\/\/secure.gravatar.com\/avatar\/7c144e1de0ecc43e7a8353c804f0c7ea63c9554336576e7048c4bdeaa59bbbbb?s=96&d=mm&r=g","height":96,"width":96}},"publisher":{"@type":"Organization","name":"aloes.cz","logo":{"@type":"ImageObject","@id":"\/logo.png","url":"\/logo.png","width":600,"height":60}},"image":{"@type":"ImageObject","@id":"https:\/\/www.aloes.cz\/wp-content\/uploads\/D%C5%AFm%20a%20baz%C3%A9n.jpg","url":"https:\/\/www.aloes.cz\/wp-content\/uploads\/D%C5%AFm%20a%20baz%C3%A9n.jpg","height":0,"width":0},"url":"https:\/\/www.aloes.cz\/bydlet-se-da-i-levneji\/","about":["Byt a d\u016fm"],"wordCount":408,"articleBody":"Naj\u00edt si levn\u00fd byt je dnes v\u00edcem\u00e9n\u011b nemo\u017en\u00e9, jeliko\u017e obytn\u00e9 nemovitosti za posledn\u00edch n\u011bkolik let podra\u017eily \u010dasto i dvojn\u00e1sobn\u011b. Nejedn\u00e1 se vak o problematiku, kterou mus\u00ed \u0159e\u0161it pouze lid\u00e9 s ni\u017e\u0161\u00edmi p\u0159\u00edjmy. Toto se dot\u00fdk\u00e1 i st\u0159edn\u00ed a vy\u0161\u0161\u00ed st\u0159edn\u00ed t\u0159\u00eddy. Byty byly v\u017edy drah\u00e9 hlavn\u011b v exponovan\u00fdch lokalit\u00e1ch typu Praha nebo Brno, nicm\u00e9n\u011b v posledn\u00edch letech se tento jev za\u010dal objevovat i v jin\u00fdch obc\u00edch na\u0161\u00ed zem\u011b, a\u017e se projevil vlastn\u011b v\u0161ude. Nedostatek obytn\u00fdch nemovitost\u00ed jejich cenu vybi\u010doval do neuv\u011b\u0159iteln\u00fdch v\u00fd\u0161in a nic nenasv\u011bd\u010duje tomu, \u017ee by to snad m\u011blo b\u00fdt v budoucnosti jin\u00e9. Alespo\u0148 ne tedy v t\u00e9 bl\u00edzk\u00e9. Lid\u00e9 tou\u017e\u00edc\u00ed po vlastn\u00edm bydlen\u00ed tud\u00ed\u017e maj\u00ed \u010dasto sm\u016flu. Anebo ne?Je pravda, \u017ee naj\u00edt cenov\u011b zaj\u00edmav\u00e9 bydlen\u00ed se rovn\u00e1 z\u00e1zraku, nicm\u00e9n\u011b to plat\u00ed pouze pro klasick\u00e9 nemovitosti. Je\u0161t\u011b zde existuj\u00ed jin\u00e9 mo\u017enost, t\u0159eba mobilheim. Jedn\u00e1 se o docela levn\u00e1, a hlavn\u011b vcelku komfortn\u00ed bydlen\u00ed. Jist\u011b, bude pot\u0159eba ud\u011blat p\u00e1r \u00fastupk\u016f, av\u0161ak kdo chce m\u00edt vlastn\u00ed st\u0159echu nad hlavou za v\u00fdhodn\u00e9 pen\u00edze, ten by m\u011bl b\u00fdt schopen ud\u011blat p\u00e1r kr\u016f\u010dk\u016f zp\u011bt a trochu slevit ze sv\u00fdch po\u017eadavk\u016f. Tyto toti\u017e mohou b\u00fdt \u010dasto luxusem, kter\u00fd si ka\u017ed\u00fd dovolit nem\u016f\u017ee.U mobiln\u00edch dom\u016f nejnov\u011bj\u0161\u00ed generace na\u0161t\u011bst\u00ed nen\u00ed nutn\u00e9 t\u011bch \u00fastupk\u016f d\u011blat p\u0159\u00edli\u0161 mnoho. Asi tou nejv\u011bt\u0161\u00ed nep\u0159\u00edjemnost\u00ed je v tomto p\u0159\u00edpad\u011b mal\u00fd obytn\u00fd prostor, kter\u00fd je svou velikost\u00ed srovnateln\u00fd s v\u011bt\u0161\u00ed garsonkou. Nejde tedy o nic pro rodiny s v\u00edce d\u011btmi. Jinak se v\u0161ak jedn\u00e1 o docela slu\u0161n\u00e9 bydlen\u00ed, kter\u00e9 je nejen kr\u00e1sn\u011b a prakticky za\u0159\u00edzeno ji\u017e v z\u00e1kladu, ale z\u00e1rove\u0148 disponuje tak\u00e9 modern\u00edmi izola\u010dn\u00edmi materi\u00e1ly, kter\u00e9 chr\u00e1n\u00ed vnit\u0159kem jak p\u0159ed chladem, tak i p\u0159ed horkem a rovn\u011b\u017e i hlukem. Ne ka\u017ed\u00fd z\u00e1jemce o mobiln\u00ed domy je chce vyu\u017e\u00edvat k celoro\u010dn\u00edmu bydlen\u00ed. Existuje spousta lid\u00ed, je\u017e maj\u00ed z\u00e1jem o men\u0161\u00ed chatky, a pr\u00e1v\u011b tato obydl\u00ed na kole\u010dk\u00e1ch jsou k tomuto \u00fa\u010delu ide\u00e1ln\u00ed. A to nejen finan\u010dn\u011b.                                                                                                                                                                                                                                                                                                                                                                                         5\/5 - (1 vote)        "},{"@context":"https:\/\/schema.org\/","@type":"BreadcrumbList","itemListElement":[{"@type":"ListItem","position":1,"name":"Bydlet se d\u00e1 i levn\u011bji","item":"https:\/\/www.aloes.cz\/bydlet-se-da-i-levneji\/#breadcrumbitem"}]}]